{"id":673758,"date":"2026-06-24T12:40:58","date_gmt":"2026-06-24T12:40:58","guid":{"rendered":"https:\/\/aromasentia.com\/ametistguide-farg-betydelse-anvandning-valja-sten\/"},"modified":"2026-08-14T20:34:29","modified_gmt":"2026-08-14T20:34:29","slug":"ametistguide-farg-betydelse-anvandning-valja-sten","status":"publish","type":"post","link":"https:\/\/staging.aromasentia.com\/sv\/ametistguide-farg-betydelse-anvandning-valja-sten\/","title":{"rendered":"Ametistguide: f\u00e4rg, betydelse, anv\u00e4ndning och hur du v\u00e4ljer en sten"},"content":{"rendered":"<h2>Ametistkristallguide: F\u00e4rg, betydelse, anv\u00e4ndningsomr\u00e5den och hur man v\u00e4ljer en bit<\/h2>\n<p>Ametist \u00e4r en av de mest k\u00e4nda lila kristallerna. Den \u00e4r visuellt igenk\u00e4nnbar, l\u00e4tt att g\u00e5 i present, enkel att f\u00f6rst\u00e5 och en del av den bredare <a href=\"https:\/\/aromasentia.com\/sv\/kvartsfamiljen\/\" target=\"_blank\" rel=\"noopener\">kvartsfamiljen<\/a>. Dess igenk\u00e4nnbara lila f\u00e4rg g\u00f6r den ocks\u00e5 till en naturlig brygga fr\u00e5n den bredare guiden till <a href=\"https:\/\/aromasentia.com\/sv\/kvartskristaller-bergkristall-rosenkvarts-ametist-rokkvarts\/\" target=\"_blank\" rel=\"noopener\">kvartskristaller<\/a> till en mer fokuserad titt p\u00e5 en favoritkvartsvariant.<\/p>\n<p>Den h\u00e4r guiden f\u00f6rklarar vad ametist \u00e4r, hur dess f\u00e4rg varierar, vad folk traditionellt f\u00f6rknippar den med, hur den anv\u00e4nds i smycken och heminredning, och hur man v\u00e4ljer en smycke som passar din smak. M\u00e5let \u00e4r praktiskt: hj\u00e4lpa kunder att j\u00e4mf\u00f6ra ametistbitar med s\u00e4kerhet utan att f\u00f6rlita sig p\u00e5 \u00f6verdrivna p\u00e5st\u00e5enden.<\/p>\n<figure class=\"wp-block-image\"><img decoding=\"async\" src=\"https:\/\/aromasentia.com\/wp-content\/uploads\/2025\/09\/Amethyst-Gemstones-Crystals.avif\" alt=\"Lila ametistkristaller och \u00e4delstenar\" title=\"\"><figcaption>Ametist \u00e4r den lila varianten av kvarts, uppskattad f\u00f6r sitt f\u00e4rgomr\u00e5de, igenk\u00e4nnbara utseende och presentv\u00e4nliga symbolik.<\/figcaption><\/figure>\n<h2>Vad \u00e4r ametist?<\/h2>\n<p>Ametist \u00e4r den lila varianten av kvarts. Liksom klarkvarts, rosenkvarts, r\u00f6kkvarts och citrin \u00e4r den tillverkad av kiseldioxid och tillh\u00f6r samma mineralfamilj. Dess lila f\u00e4rg kommer fr\u00e5n naturliga sp\u00e5relement och geologiska processer inuti kristallstrukturen.<\/p>\n<p>Eftersom ametist \u00e4r kvarts har den en Mohs-h\u00e5rdhet p\u00e5 7. Det g\u00f6r den l\u00e4mplig f\u00f6r m\u00e5nga typer av smycken, polerade stenar, prydnadsf\u00f6rem\u00e5l och displaykristaller. Det \u00e4r fortfarande m\u00f6jligt att flisa eller repa en bit genom grov hantering, men ametist \u00e4r i allm\u00e4nhet praktiskt j\u00e4mf\u00f6rt med mjukare mineraler.<\/p>\n<p>Ametist kan f\u00f6rekomma i flera former, inklusive:<\/p>\n<ul>\n<li>polerade trumlade stenar<\/li>\n<li>r\u00e5a kluster<\/li>\n<li>po\u00e4ng och torn<\/li>\n<li>geoder och druzy stycken<\/li>\n<li>armband och p\u00e4rlsmycken<\/li>\n<li>h\u00e4ngen och halsband<\/li>\n<li>kristallflis i dekorativa bitar<\/li>\n<li>\u00e4delstenstillbeh\u00f6r och presentset.<\/li>\n<\/ul>\n<p>F\u00f6r m\u00e5nga kunder \u00e4r ametist den f\u00f6rsta lila kristallen de k\u00e4nner igen. Det g\u00f6r den till ett l\u00e4ttillg\u00e4ngligt val f\u00f6r en f\u00f6rsta kristall, en februarif\u00f6delsedagspresent eller en dekorativ pj\u00e4s med f\u00e4rg och symbolik.<\/p>\n<h2>Varf\u00f6r ametist \u00e4r popul\u00e4rt<\/h2>\n<p>Ametist \u00e4r popul\u00e4rt eftersom det kombinerar stark visuell identitet med l\u00e4ttillg\u00e4nglig symbolik. Den lila f\u00e4rgen g\u00f6r att den sticker ut, men den \u00e4r inte f\u00f6r ljus eller sv\u00e5r att styla. Det kan k\u00e4nnas klassiskt, andligt, elegant, dekorativt eller presentabelt beroende p\u00e5 formatet.<\/p>\n<p>Den har ocks\u00e5 en stark birthstone-koppling. Ametist \u00e4r allm\u00e4nt k\u00e4nd som den traditionella februarif\u00f6delsestenen, vilket ger den naturliga g\u00e5voavsikter. N\u00e5gon som handlar f\u00f6r en februarif\u00f6delsedag kanske inte vet s\u00e5 mycket om \u00e4delstenar, men de kan l\u00e4tt f\u00f6rst\u00e5 varf\u00f6r ametist \u00e4r relevant.<\/p>\n<p>Ametist fungerar ocks\u00e5 \u00f6ver flera Aroma Sentia-produkttyper. Det f\u00f6rekommer i smycken, armband, h\u00e4ngen, kristalltillbeh\u00f6r, dekorativa f\u00f6rem\u00e5l och f\u00f6rem\u00e5l som ansluter till hemritualer. Detta ger kategorin mer kommersiell flexibilitet \u00e4n ett smalt \u00e4mne f\u00f6r en enda produkt.<\/p>\n<h2>Ametistf\u00e4rg: vad man ska leta efter<\/h2>\n<p>Ametist kan variera fr\u00e5n blek lila till djup violett. Vissa bitar \u00e4r n\u00e4stan lavendel, medan andra visar rikare lila, bl\u00e5lila, r\u00f6dlila eller f\u00e4rgzoner. Vita kvartsomr\u00e5den, genomskinliga sektioner, naturliga inneslutningar och band kan ocks\u00e5 f\u00f6rekomma.<\/p>\n<h3>Blek lila ametist<\/h3>\n<p>Blek ametist har ett mjukt, skonsamt utseende. Det fungerar bra f\u00f6r kunder som f\u00f6redrar k\u00e4nslig f\u00e4rg, subtila smycken eller l\u00e4ttare heminredning. Blek ametist kan passa s\u00e4rskilt bra till vardagsarmband, sm\u00e5 h\u00e4ngen och presenter till n\u00e5gon som inte brukar b\u00e4ra dj\u00e4rva f\u00e4rger.<\/p>\n<h3>Medium lila ametist<\/h3>\n<p>Medium lila \u00e4r den mest v\u00e4lbekanta looken f\u00f6r m\u00e5nga ametistbitar. Det k\u00e4nns igen, l\u00e4tt att fotografera och enkelt att matcha med silver, svart, vitt, gr\u00e5tt, kr\u00e4mf\u00e4rgat och naturligt tr\u00e4. F\u00f6r ett f\u00f6rsta ametistk\u00f6p \u00e4r mellanlila ofta det s\u00e4kraste visuella valet.<\/p>\n<h3>Djupt violett ametist<\/h3>\n<p>Djupt violett ametist k\u00e4nns rikare och mer dramatisk. Den passar till statementpj\u00e4ser, dekorativa displayer och kunder som vill ha starkare f\u00e4rg. I smycken kan djupare lila se mer formellt eller kv\u00e4llsv\u00e4nligt ut, s\u00e4rskilt n\u00e4r det paras ihop med silvertonade inst\u00e4llningar.<\/p>\n<h3>F\u00e4rgzonering och naturlig variation<\/h3>\n<p>M\u00e5nga ametistbitar \u00e4r inte helt j\u00e4mna i f\u00e4rg. Du kan se ljusare och m\u00f6rkare zoner, molniga omr\u00e5den, klara f\u00f6nster, inre linjer eller vita kvartspartier. Dessa \u00e4r naturliga egenskaper. Vissa kunder f\u00f6redrar perfekt j\u00e4mn f\u00e4rg, medan andra gillar synlig mineralkarakt\u00e4r.<\/p>\n<figure class=\"wp-block-image\"><img decoding=\"async\" src=\"https:\/\/aromasentia.com\/wp-content\/uploads\/2025\/06\/Raw-Crystal-Gemstone-Tea-Strainer-Amethyst-Cluster.avif\" alt=\"R\u00e5 ametistklusterkristalldetalj\" title=\"\"><figcaption>Ametistbitar i r\u00e5 och klusterstil visar mer naturlig struktur, f\u00e4rgzoner och geologisk karakt\u00e4r \u00e4n enkla polerade stenar.<\/figcaption><\/figure>\n<h2>Ametist betydelse och traditionella associationer<\/h2>\n<p>Ametist f\u00f6rknippas traditionellt med lugn, reflektion, intuition och andlig medvetenhet. M\u00e5nga v\u00e4ljer det f\u00f6r sovrum, l\u00e4sh\u00f6rnor, meditationsutrymmen, skrivbord eller kv\u00e4llsrutiner eftersom f\u00e4rgen och symboliken k\u00e4nns tyst och omt\u00e4nksam. Om du \u00e4r intresserad av ametist som ett symboliskt rituellt f\u00f6rem\u00e5l, f\u00f6rklarar <a href=\"https:\/\/aromasentia.com\/sv\/pendlar-runor-jordnara-nyborjarguide\/\" target=\"_blank\" rel=\"noopener\">guiden till pendlar och runor<\/a> hur pendlar och runstenar v\u00e4ljs.<\/p>\n<p>Det \u00e4r viktigt att h\u00e5lla dessa associationer i r\u00e4tt sammanhang. Ametist h\u00f6r hemma i symboliskt, dekorativt och personligt rutinspr\u00e5k snarare \u00e4n h\u00e4lsoresultatspr\u00e5k. Ett s\u00e4krare och mer korrekt tillv\u00e4gag\u00e5ngss\u00e4tt \u00e4r att s\u00e4ga att m\u00e4nniskor ofta v\u00e4ljer ametist som en symbolisk p\u00e5minnelse om lugn, klarhet eller reflektion.<\/p>\n<p>Vanliga traditionella associationer inkluderar:<\/p>\n<ul>\n<li>lugna och tysta rutiner<\/li>\n<li>andlig reflektion<\/li>\n<li>intuition och inre medvetenhet<\/li>\n<li>kv\u00e4llsst\u00e4mning<\/li>\n<li>omt\u00e4nksamma presenter<\/li>\n<li>Februari f\u00f6delsedagar<\/li>\n<li>lila f\u00e4rg symbolik<\/li>\n<li>personligt fokus och avsikt.<\/li>\n<\/ul>\n<p>Denna formulering g\u00f6r att artikeln \u00e4r anv\u00e4ndbar f\u00f6r kunder samtidigt som den undviker orealistiska l\u00f6ften.<\/p>\n<h2>Ametist och f\u00f6delsestenskopplingen i februari<\/h2>\n<p>Ametist \u00e4r allm\u00e4nt k\u00e4nd som f\u00f6delsestenen f\u00f6r februari. Detta ger stenen en stark s\u00e4songs- och g\u00e5vopotential. En kund som handlar f\u00f6r en f\u00f6delsedag i februari kan v\u00e4lja ett ametistarmband, ett h\u00e4nge, ett halsband, en trumlad sten eller en prydnadssak eftersom det k\u00e4nns personligt utan att beh\u00f6va en komplicerad f\u00f6rklaring.<\/p>\n<p>F\u00f6r presentinneh\u00e5ll \u00e4r birthstone-vinkeln ett av de s\u00e4kraste och mest kommersiellt anv\u00e4ndbara s\u00e4tten att diskutera ametist. Det \u00e4r sakligt, enkelt och l\u00e4tt att koppla till produktrekommendationer.<\/p>\n<p>Bra birthstone-presentid\u00e9er inkluderar:<\/p>\n<ul>\n<li>ametistarmband f\u00f6r vardagsbruk<\/li>\n<li>ametisth\u00e4ngen f\u00f6r en enkel personlig present<\/li>\n<li>ametist trumlade stenar f\u00f6r nyb\u00f6rjare<\/li>\n<li>ametisttr\u00e4d eller chipsmycken f\u00f6r symboliska g\u00e5vor<\/li>\n<li>ametist i kombination med ljus eller hemdoft<\/li>\n<li>kombinationer av ametist och rosenkvarts f\u00f6r v\u00e4nskapspresenter.<\/li>\n<\/ul>\n<p>Om du v\u00e4ljer n\u00e5gon annan, b\u00f6rja med det format de faktiskt kommer att anv\u00e4nda. Smycken \u00e4r b\u00e4st f\u00f6r n\u00e5gon som gillar b\u00e4rbara smycken. En polerad sten eller kluster \u00e4r b\u00e4ttre f\u00f6r n\u00e5gon som gillar heminredning eller kristallarrangemang.<\/p>\n<h2>Hur m\u00e4nniskor anv\u00e4nder ametist hemma<\/h2>\n<p>Ametist \u00e4r l\u00e4tt att styla eftersom lila fungerar i b\u00e5de ljusa och m\u00f6rka interi\u00f6rer. Den kan sitta tyst p\u00e5 en hylla eller fungera som en liten kontaktpunkt beroende p\u00e5 stycket.<\/p>\n<h3>Sovrum och s\u00e4ngbord<\/h3>\n<p>Ametist \u00e4r vanligt att v\u00e4lja f\u00f6r sovrum p\u00e5 grund av dess traditionella association med lugn och kv\u00e4llsrutiner. En liten polerad sten, klunga eller smyckesbricka accent kan f\u00e5 ett nattduksbord att k\u00e4nnas mer avsiktligt. Kombinera den med mjuka textilier, varmt ljus, lavendeltoner eller enkla keramiska delar f\u00f6r en tyst look.<\/p>\n<h3>Skrivbord och arbetsytor<\/h3>\n<p>Ametist kan ocks\u00e5 fungera p\u00e5 skrivbordet, speciellt om kunden vill ha en subtil visuell p\u00e5minnelse om att pausa, fokusera eller h\u00e5lla arbetsytan lugn. En liten spets, polerad sten eller armbandsbricka kan ge personlighet utan att ta upp mycket plats.<\/p>\n<h3>L\u00e4sh\u00f6rnor och tysta utrymmen<\/h3>\n<p>I l\u00e4sh\u00f6rnen passar ametist bra med ljus, b\u00f6cker, r\u00f6kelseh\u00e5llare, diffusorer och naturliga texturer. Det ger omr\u00e5det ett mildt dekorativt tema utan att beh\u00f6va en stor kristallarrangemang.<\/p>\n<h3>Hyllor och utst\u00e4llningsbrickor<\/h3>\n<p>Ametist ser stark ut f\u00f6rutom klarkvarts, rosenkvarts, r\u00f6kkvarts och citrin. Dessa stenar skapar en enkel visning av kvartsfamiljen: klar, rosa, lila, r\u00f6kig och gyllene. Detta f\u00f6rst\u00e4rker ocks\u00e5 den pedagogiska resan fr\u00e5n den bredare <a href=\"https:\/\/aromasentia.com\/sv\/kvartskristaller-bergkristall-rosenkvarts-ametist-rokkvarts\/\" target=\"_blank\" rel=\"noopener\">kvartsguide<\/a> till individuella stenguider.<\/p>\n<h2>Ametistsmycken och accessoarer<\/h2>\n<p>Ametistsmycken \u00e4r ett av de mest praktiska s\u00e4tten att v\u00e4lja sten. Det l\u00e5ter kunderna njuta av f\u00e4rgen varje dag utan att beh\u00f6va en st\u00f6rre dekorativ del. Aroma Sentias ametistkategori inkluderar armband, h\u00e4ngen, halsband och \u00e4delstenstillbeh\u00f6r, s\u00e5 den h\u00e4r artikeln b\u00f6r st\u00f6dja b\u00e5de informations- och shoppingavsikter.<\/p>\n<figure class=\"wp-block-image\"><img decoding=\"async\" src=\"https:\/\/aromasentia.com\/wp-content\/uploads\/2025\/06\/Magnetic-Gemstone-Bracelet-Amethyst.avif\" alt=\"Ametist \u00e4delstensarmband med lila p\u00e4rlor\" title=\"\"><figcaption>Ametistarmband \u00e4r ett enkelt vardagsformat f\u00f6r kunder som vill ha en b\u00e4rbar lila \u00e4delsten.<\/figcaption><\/figure>\n<h3>Ametist armband<\/h3>\n<p>Armband \u00e4r l\u00e4tta att b\u00e4ra och l\u00e4tta att ge present. Ametistarmband med p\u00e4rlor kan k\u00e4nnas avslappnade, andliga, dekorativa eller symboliska beroende p\u00e5 designen. De \u00e4r anv\u00e4ndbara f\u00f6r kunder som vill ha en synlig \u00e4delsten utan att binda sig till ett st\u00f6rre halsband eller h\u00e4nge.<\/p>\n<p>N\u00e4r du v\u00e4ljer ett ametistarmband, titta p\u00e5:<\/p>\n<ul>\n<li>p\u00e4rlans f\u00e4rg och konsistens<\/li>\n<li>armbandets storlek och passform<\/li>\n<li>oavsett om stilen \u00e4r avslappnad eller dekorativ<\/li>\n<li>om andra stenar eller material ing\u00e5r<\/li>\n<li>hur ofta mottagaren sannolikt b\u00e4r lila.<\/li>\n<\/ul>\n<h3>Ametisth\u00e4ngen<\/h3>\n<p>H\u00e4ngen \u00e4r ett starkt val f\u00f6r presenter eftersom de k\u00e4nns personliga men inte alltf\u00f6r komplicerade. Ett Tree of Life-h\u00e4nge, ett spetsh\u00e4nge eller ett chip-h\u00e4nge kan kombinera den lila f\u00e4rgen av ametist med en extra symbolisk design.<\/p>\n<figure class=\"wp-block-image\"><img decoding=\"async\" src=\"https:\/\/aromasentia.com\/wp-content\/uploads\/2025\/06\/Tree-of-Life-Pendant-Amethyst.avif\" alt=\"Tree of Life h\u00e4ngsmycke med ametist \u00e4delstenschips\" title=\"\"><figcaption>Ametisth\u00e4ngen kombinerar f\u00e4rg, symbolik och vardaglig b\u00e4rbarhet, vilket g\u00f6r dem anv\u00e4ndbara f\u00f6r f\u00f6delsedagar och omt\u00e4nksamma presenter.<\/figcaption><\/figure>\n<h3>Ametist halsband<\/h3>\n<p>Halsband kan vara mer statement-led \u00e4n armband. Ett longstone ametisthalsband eller inslagna \u00e4delstenshalsband kan passa kunder som vill att stenen ska synas mer. F\u00f6r presenter fungerar halsband b\u00e4st n\u00e4r du vet att mottagaren redan b\u00e4r liknande smycken.<\/p>\n<figure class=\"wp-block-image\"><img decoding=\"async\" src=\"https:\/\/aromasentia.com\/wp-content\/uploads\/2025\/06\/Longstone-Gem-Necklace-Amethyst.avif\" alt=\"L\u00e5ngstenshalsband i ametist \u00e4delsten\" title=\"\"><figcaption>Ametisthalsband av l\u00e5ngsten och h\u00e4ngsmycke \u00e4r starkare visuella val f\u00f6r kunder som vill att den lila f\u00e4rgen ska sticka ut.<\/figcaption><\/figure>\n<h2>S\u00e5 v\u00e4ljer du en ametistbit<\/h2>\n<p>Den b\u00e4sta ametistbiten beror p\u00e5 kundens syfte. N\u00e5gon som k\u00f6per till sig sj\u00e4lv kan v\u00e4lja efter f\u00e4rg och personlig dragningskraft. N\u00e5gon som k\u00f6per en present b\u00f6r f\u00f6rst t\u00e4nka p\u00e5 format och livsstil.<\/p>\n<h3>V\u00e4lj efter f\u00e4rg<\/h3>\n<p>Om du vill ha n\u00e5got subtilt, v\u00e4lj blek eller medium lila. Om du vill ha effekt, v\u00e4lj djupare violett. Om du gillar naturlig karakt\u00e4r, v\u00e4lj bitar med zonindelning, inneslutningar eller vita kvartsomr\u00e5den.<\/p>\n<h3>V\u00e4lj efter format<\/h3>\n<p>V\u00e4lj en trumlad sten f\u00f6r en enkel nyb\u00f6rjarpj\u00e4s. V\u00e4lj ett armband f\u00f6r vardagsbruk. V\u00e4lj ett h\u00e4nge eller halsband f\u00f6r en mer personlig present. V\u00e4lj ett kluster eller ett r\u00e5material f\u00f6r hemvisning. V\u00e4lj en produkt som kombinerar ametist med tr\u00e4, metall, doft eller andra stenar om mottagaren tycker om skiktad symbolik.<\/p>\n<h3>V\u00e4lj genom inst\u00e4llning<\/h3>\n<p>F\u00f6r heminredning, fr\u00e5ga var pj\u00e4sen ska sitta. Sovrum, hyllor och skrivbord kan hantera sm\u00e5 bitar. Vardagsrum och entr\u00e9er kan beh\u00f6va ett st\u00f6rre utst\u00e4llningsobjekt. F\u00f6r smycken, fr\u00e5ga om mottagaren f\u00f6redrar silvertoner, svart sladd, p\u00e4rlstilar eller mer dekorativa h\u00e4ngen.<\/p>\n<h3>V\u00e4lj efter g\u00e5voavsikt<\/h3>\n<p>F\u00f6r en februarif\u00f6delsedag \u00e4r ametist ett naturligt val. F\u00f6r v\u00e4nskapspresenter kan ametist kombineras med rosenkvarts. F\u00f6r n\u00e5gon som gillar lila kan vilket ametistformat som helst fungera. F\u00f6r n\u00e5gon som f\u00f6redrar subtila f\u00e4rger kan ett mindre armband eller blek ametist vara s\u00e4krare \u00e4n ett stort djupviolett h\u00e4nge.<\/p>\n<h2>Ametist j\u00e4mf\u00f6rt med andra kvartsstenar<\/h2>\n<p>Ametist \u00e4r en del av kvartsfamiljen, men den fyller en annan roll \u00e4n de andra popul\u00e4ra sorterna.<\/p>\n<h3>Ametist vs bergkristall<\/h3>\n<p>Bergkristall \u00e4r neutral, ljus och minimal. Ametist \u00e4r mer f\u00e4rgstarkt och symboliskt. V\u00e4lj bergkristall f\u00f6r en ren universalsten; v\u00e4lj ametist n\u00e4r lila f\u00e4rg eller februari-f\u00f6delsesten betyder n\u00e5got.<\/p>\n<h3>Ametist vs rosenkvarts<\/h3>\n<p><a href=\"https:\/\/aromasentia.com\/sv\/rosenkvarts\/\" target=\"_blank\" rel=\"noopener\">Rosenkvarts<\/a> \u00e4r mjuk, rosa och presentv\u00e4nlig p\u00e5 ett skonsamt s\u00e4tt. Ametist \u00e4r rikare, mer andlig i traditionell symbolik och b\u00e4ttre f\u00f6r kunder som gillar lila. De tv\u00e5 stenarna fungerar bra tillsammans i v\u00e4nskapspresenter och smyckesset.<\/p>\n<h3>Ametist vs r\u00f6kkvarts<\/h3>\n<p><a href=\"https:\/\/aromasentia.com\/sv\/rokig-kvarts\/\" target=\"_blank\" rel=\"noopener\">R\u00f6kkvarts<\/a> \u00e4r m\u00f6rkare, jordn\u00e4ra och mer neutral. Ametist \u00e4r mer f\u00e4rgstark och igenk\u00e4nnbar. V\u00e4lj r\u00f6kkvarts f\u00f6r diskreta interi\u00f6rer; v\u00e4lj ametist f\u00f6r dekorativ f\u00e4rg och f\u00f6delsestens\u00f6verklagande.<\/p>\n<h3>Ametist vs citrin<\/h3>\n<p>Citrin \u00e4r varmt, gult och soligt. Ametist \u00e4r cool, lila och reflekterande. De kan fungera tillsammans visuellt eftersom lila och guld skapar starka kontraster, men de skickar ett annorlunda stylingbudskap.<\/p>\n<h2>Ametistv\u00e5rd och reng\u00f6ring<\/h2>\n<p>Ametist \u00e4r h\u00e5llbart, men det beh\u00f6ver fortfarande f\u00f6rnuftig v\u00e5rd. Undvik att tappa spetsar, h\u00e4ngen eller klusterbitar p\u00e5 h\u00e5rda ytor. Anv\u00e4nd inte starka kemikalier eller slipande reng\u00f6ringsmedel. F\u00f6r det mesta av polerad ametist r\u00e4cker det med en mjuk torr trasa eller l\u00e4tt fuktad trasa f\u00f6r rutinm\u00e4ssig reng\u00f6ring.<\/p>\n<p>Sk\u00f6tseltips:<\/p>\n<ul>\n<li>H\u00e5ll smycken borta fr\u00e5n parfym, lotion och hush\u00e5llsreng\u00f6ringsmedel<\/li>\n<li>ta bort armband innan tungt arbete, simning eller dusch<\/li>\n<li>damma r\u00e5a kluster f\u00f6rsiktigt eftersom sm\u00e5 spetsar kan flisas<\/li>\n<li>f\u00f6rvara h\u00e4ngen separat f\u00f6r att undvika repor<\/li>\n<li>Undvik l\u00e5ng exponering f\u00f6r starkt direkt solljus, eftersom f\u00e4rgen kan blekna med tiden<\/li>\n<li>kontrollera individuell produktv\u00e4gledning innan du anv\u00e4nder vatten, oljor eller reng\u00f6ringsprodukter.<\/li>\n<\/ul>\n<p>F\u00f6r kunderna \u00e4r den viktigaste punkten enkel: behandla ametist som en naturlig \u00e4delsten, inte som ett of\u00f6rst\u00f6rbart f\u00f6rem\u00e5l.<\/p>\n<h2>Vanliga misstag vid k\u00f6p av ametist<\/h2>\n<h3>Att v\u00e4lja bara genom mening<\/h3>\n<p>Mening kan vara anv\u00e4ndbart, men kunden m\u00e5ste fortfarande gilla stycket. F\u00e4rg, storlek, format och b\u00e4rbarhet betyder mer f\u00f6r l\u00e5ngsiktig tillfredsst\u00e4llelse.<\/p>\n<h3>Ignorerar storlek<\/h3>\n<p>En produkt kan se st\u00f6rre eller mindre ut p\u00e5 bilder \u00e4n f\u00f6rv\u00e4ntat. Kontrollera m\u00e5tt d\u00e4r det finns, speciellt f\u00f6r h\u00e4ngen, armband och utst\u00e4llningsdetaljer.<\/p>\n<h3>K\u00f6pa smycken utan att t\u00e4nka p\u00e5 stil<\/h3>\n<p>Om n\u00e5gon inte b\u00e4r halsband \u00e4r ett ametisthalsband kanske inte den b\u00e4sta presenten \u00e4ven om de gillar stenen. Ett armband, en trumlad sten eller en dekorativ del kan vara s\u00e4krare.<\/p>\n<h3>F\u00f6rv\u00e4ntar sig perfekt f\u00e4rg<\/h3>\n<p>Naturlig ametist varierar ofta. Zonindelning, bleka omr\u00e5den, inneslutningar och vita kvartssektioner kan vara en del av dess karakt\u00e4r. Om ens f\u00e4rg spelar roll, v\u00e4lj polerade bitar med konsekvent utseende.<\/p>\n<h3>Anv\u00e4nder \u00f6verdrivna f\u00f6rv\u00e4ntningar<\/h3>\n<p>Ametist \u00e4r b\u00e4st att n\u00e4rma sig som en vacker lila kvarts med meningsfulla traditioner. Det kan st\u00f6dja en personlig rutin eller visuell atmosf\u00e4r, men det b\u00f6r inte inramas kring h\u00e4lsa, s\u00f6mn eller k\u00e4nslom\u00e4ssiga resultat.<\/p>\n<h2>B\u00e4sta ametistpresentid\u00e9erna<\/h2>\n<p>Ametist \u00e4r en av de enklaste \u00e4delstenarna att ge eftersom f\u00e4rgen och februarif\u00f6delsestenskopplingen \u00e4r l\u00e4tt att f\u00f6rst\u00e5.<\/p>\n<p>Bra ametistpresentid\u00e9er inkluderar:<\/p>\n<ul>\n<li><strong>Februarif\u00f6delsedag:<\/strong> ametisth\u00e4nge, armband eller halsband<\/li>\n<li><strong>Nyb\u00f6rjarkristallpresent:<\/strong> trumlad sten eller liten polerad bit<\/li>\n<li><strong>Smyckespresent:<\/strong> armband f\u00f6r dagligt bruk, h\u00e4nge f\u00f6r personlig symbolik<\/li>\n<li><strong>G\u00e5va f\u00f6r heminredning:<\/strong> kluster, spets eller dekorativ dekorativt f\u00f6rem\u00e5l<\/li>\n<li><strong>V\u00e4nskapspresent:<\/strong> ametist med rosenkvarts<\/li>\n<li><strong>Tyst kv\u00e4llspresentset:<\/strong> ametist med ljus, r\u00f6kelse eller hemdoft, med <a href=\"https:\/\/aromasentia.com\/sv\/ljus-med-kristaller-doft-kristalltema-presentstil\/\" target=\"_blank\" rel=\"noopener\">guiden till ljus med kristaller<\/a> f\u00f6r att v\u00e4lja en version med ljus<\/li>\n<li><strong>present med lila tema:<\/strong> ametistsmycken plus matchande f\u00f6rpackningar eller tillbeh\u00f6r.<\/li>\n<\/ul>\n<h2>Utforska Aroma Sentias ametistsamling<\/h2>\n<p>Aroma Sentias <a href=\"https:\/\/aromasentia.com\/sv\/ametist\/\" target=\"_blank\" rel=\"noopener\">Ametist<\/a>-kategori inneh\u00e5ller smycken, \u00e4delstenstillbeh\u00f6r och kristallinspirerade f\u00f6rem\u00e5l f\u00f6r kunder som vill ha lila f\u00e4rg, februarif\u00f6delsestenssymbolik eller en omt\u00e4nksam present. Om du \u00e4r ny i den bredare kategorin, b\u00f6rja med den publicerade guiden till <a href=\"https:\/\/aromasentia.com\/sv\/nyborjarguide-adelstenar-kristaller-mineraler-hemmet\/\" target=\"_blank\" rel=\"noopener\">\u00e4delstenar, kristaller och mineraler f\u00f6r hemmet<\/a> och j\u00e4mf\u00f6r sedan ametist med andra kvartsstenar i <a href=\"https:\/\/aromasentia.com\/sv\/kvartskristaller-bergkristall-rosenkvarts-ametist-rokkvarts\/\" target=\"_blank\" rel=\"noopener\">guiden till kvartskristaller<\/a>-guiden.<\/p>\n<p>Om du f\u00f6redrar sm\u00e5 polerade stenar, j\u00e4mf\u00f6r alternativen i <a href=\"https:\/\/aromasentia.com\/sv\/trumlade-stenar\/\" target=\"_blank\" rel=\"noopener\">trumlade stenar<\/a> och l\u00e4s guiden till <a href=\"https:\/\/aromasentia.com\/sv\/valja-trumlade-stenar-betydelse-farger-anvandning-presentideer\/\" target=\"_blank\" rel=\"noopener\">v\u00e4lja trumlade stenar<\/a>. Om du vill ha b\u00e4rbara ametistbitar, bl\u00e4ddra i <a href=\"https:\/\/aromasentia.com\/sv\/adelstenssmycken-och-accessoarer\/\" target=\"_blank\" rel=\"noopener\">\u00e4delstenssmycken och accessoarer<\/a> och anv\u00e4nd <a href=\"https:\/\/aromasentia.com\/sv\/smycken-med-naturstenar-armband-hangen-accessoarer\/\" target=\"_blank\" rel=\"noopener\">\u00e4delstenssmycken guide<\/a> f\u00f6r att j\u00e4mf\u00f6ra armband, h\u00e4ngen och halsband.<\/p>\n<hr class=\"wp-block-separator has-alpha-channel-opacity\" \/>\n<p>F\u00f6r f\u00f6delsedagspresenter och presenter med lila kristaller placerar <a href=\"https:\/\/aromasentia.com\/sv\/kristallgavor-guide-betydelse-stil-tillfalle\/\" target=\"_blank\" rel=\"noopener\">guiden till kristallg\u00e5vor<\/a> ametist vid sidan av smycken, ljus, torktumlare och andra genomt\u00e4nkta format.<\/p>\n<h2>FAQ<\/h2>\n<h3>Vad \u00e4r ametist?<\/h3>\n<p>Ametist \u00e4r den lila varianten av kvarts. Den tillh\u00f6r samma mineralfamilj som klarkvarts, rosenkvarts, r\u00f6kkvarts och citrin och \u00e4r uppskattad f\u00f6r sin violetta f\u00e4rg, h\u00e5llbarhet och presentv\u00e4nliga symbolik.<\/p>\n<h3>Vilken f\u00e4rg ska bra ametist ha?<\/h3>\n<p>Ametist kan variera fr\u00e5n blek lila till djup violett. Den b\u00e4sta f\u00e4rgen beror p\u00e5 personlig smak. Vissa kunder f\u00f6redrar mjuka lavendeltoner, medan andra f\u00f6redrar rik lila eller naturlig f\u00e4rgzonindelning.<\/p>\n<h3>Vad f\u00f6rknippas ametist traditionellt med?<\/h3>\n<p>Ametist f\u00f6rknippas traditionellt med lugn, reflektion, intuition och andlig medvetenhet. Dessa \u00e4r symboliska associationer och b\u00f6r behandlas som tradition och personlig preferens, inte h\u00e4lsop\u00e5st\u00e5enden.<\/p>\n<h3>\u00c4r ametist en bra present?<\/h3>\n<p>Ja, ametist \u00e4r ett starkt presentval eftersom det \u00e4r den traditionella februarif\u00f6delsestenen och har en igenk\u00e4nnbar lila f\u00e4rg. Armband, h\u00e4ngen, halsband och sm\u00e5 polerade stenar \u00e4r s\u00e4rskilt presentv\u00e4nliga format.<\/p>\n<h3>\u00c4r ametist en del av kvartsfamiljen?<\/h3>\n<p>Ja. Ametist \u00e4r en lila variant av kvarts. Den delar samma grundl\u00e4ggande mineralfamilj som klarkvarts, rosenkvarts, r\u00f6kkvarts och citrin.<\/p>\n<h3>Var ska jag placera ametist hemma?<\/h3>\n<p>Ametist \u00e4r vanligen utformad p\u00e5 s\u00e4ngbord, skrivbord, hyllor, l\u00e4sh\u00f6rnor och utst\u00e4llningsbrickor. V\u00e4lj placering baserat p\u00e5 storleken och formatet p\u00e5 biten och undvik l\u00e5ng exponering f\u00f6r starkt direkt solljus.<\/p>\n<h3>Hur tar jag hand om ametistsmycken?<\/h3>\n<p>H\u00e5ll ametistsmycken borta fr\u00e5n parfym, lotion, starka kemikalier och kraftiga st\u00f6tar. Torka av den f\u00f6rsiktigt med en mjuk trasa och f\u00f6rvara den separat fr\u00e5n h\u00e5rdare eller vassare f\u00f6rem\u00e5l som kan repa inst\u00e4llningen eller ytan.<\/p>\n","protected":false},"excerpt":{"rendered":"<p>L\u00e4r dig v\u00e4lja ametist efter f\u00e4rg, form, symbolisk betydelse, smyckesstil och placering i hemmet \u2013 med lugn och praktisk v\u00e4gledning.<\/p>\n","protected":false},"author":1,"featured_media":653982,"comment_status":"closed","ping_status":"open","sticky":false,"template":"","format":"standard","meta":{"site-sidebar-layout":"default","site-content-layout":"","ast-site-content-layout":"default","site-content-style":"default","site-sidebar-style":"default","ast-global-header-display":"","ast-banner-title-visibility":"","ast-main-header-display":"","ast-hfb-above-header-display":"","ast-hfb-below-header-display":"","ast-hfb-mobile-header-display":"","site-post-title":"","ast-breadcrumbs-content":"","ast-featured-img":"","footer-sml-layout":"","ast-disable-related-posts":"","theme-transparent-header-meta":"","adv-header-id-meta":"","stick-header-meta":"","header-above-stick-meta":"","header-main-stick-meta":"","header-below-stick-meta":"","astra-migrate-meta-layouts":"default","ast-page-background-enabled":"default","ast-page-background-meta":{"desktop":{"background-color":"","background-image":"","background-repeat":"repeat","background-position":"center center","background-size":"auto","background-attachment":"scroll","background-type":"","background-media":"","overlay-type":"","overlay-color":"","overlay-opacity":"","overlay-gradient":""},"tablet":{"background-color":"","background-image":"","background-repeat":"repeat","background-position":"center center","background-size":"auto","background-attachment":"scroll","background-type":"","background-media":"","overlay-type":"","overlay-color":"","overlay-opacity":"","overlay-gradient":""},"mobile":{"background-color":"","background-image":"","background-repeat":"repeat","background-position":"center center","background-size":"auto","background-attachment":"scroll","background-type":"","background-media":"","overlay-type":"","overlay-color":"","overlay-opacity":"","overlay-gradient":""}},"ast-content-background-meta":{"desktop":{"background-color":"var(--ast-global-color-5)","background-image":"","background-repeat":"repeat","background-position":"center center","background-size":"auto","background-attachment":"scroll","background-type":"","background-media":"","overlay-type":"","overlay-color":"","overlay-opacity":"","overlay-gradient":""},"tablet":{"background-color":"var(--ast-global-color-5)","background-image":"","background-repeat":"repeat","background-position":"center center","background-size":"auto","background-attachment":"scroll","background-type":"","background-media":"","overlay-type":"","overlay-color":"","overlay-opacity":"","overlay-gradient":""},"mobile":{"background-color":"var(--ast-global-color-5)","background-image":"","background-repeat":"repeat","background-position":"center center","background-size":"auto","background-attachment":"scroll","background-type":"","background-media":"","overlay-type":"","overlay-color":"","overlay-opacity":"","overlay-gradient":""}},"spectra_gs_classes":"","footnotes":""},"categories":[27422,27497],"tags":[],"class_list":["post-673758","post","type-post","status-publish","format-standard","has-post-thumbnail","hentry","category-guider-sv-posts","category-presentguider-sv-posts"],"spectra_blocks_featured_image_url":{"thumbnail":{"url":"https:\/\/staging.aromasentia.com\/wp-content\/uploads\/2025\/09\/Amethyst-Gemstones-Crystals-150x150.avif","width":150,"height":150},"medium":{"url":"https:\/\/staging.aromasentia.com\/wp-content\/uploads\/2025\/09\/Amethyst-Gemstones-Crystals-300x200.avif","width":300,"height":200},"medium_large":{"url":"https:\/\/staging.aromasentia.com\/wp-content\/uploads\/2025\/09\/Amethyst-Gemstones-Crystals-768x512.avif","width":768,"height":512},"large":{"url":"https:\/\/staging.aromasentia.com\/wp-content\/uploads\/2025\/09\/Amethyst-Gemstones-Crystals-1024x683.avif","width":1024,"height":683},"full":{"url":"https:\/\/staging.aromasentia.com\/wp-content\/uploads\/2025\/09\/Amethyst-Gemstones-Crystals.avif","width":1500,"height":1000}},"spectra_blocks_author_info":{"display_name":"Ali Barakat","avatar_url":"https:\/\/secure.gravatar.com\/avatar\/a32bb2e4aea22f97177571327e0dcd3f4b6c5663ecfe549b75b6ce4bf2d67e49?s=96&d=mm&r=g","author_link":"https:\/\/staging.aromasentia.com\/sv\/author\/ali-barakat\/","description":"Ali Barakat is the creator and heart behind Aromasentia, a dedicated space for exploring the transformative power of scents and plant-based wellness. Deeply passionate about natural self-care, they love helping readers cultivate calm and balance in their everyday lives through the art of aromatherapy. When not blending oils or researching natural remedies, Ali can be found walking in nature or relaxing in the garden with a warm cup of tea."},"_links":{"self":[{"href":"https:\/\/staging.aromasentia.com\/sv\/wp-json\/wp\/v2\/posts\/673758","targetHints":{"allow":["GET"]}}],"collection":[{"href":"https:\/\/staging.aromasentia.com\/sv\/wp-json\/wp\/v2\/posts"}],"about":[{"href":"https:\/\/staging.aromasentia.com\/sv\/wp-json\/wp\/v2\/types\/post"}],"author":[{"embeddable":true,"href":"https:\/\/staging.aromasentia.com\/sv\/wp-json\/wp\/v2\/users\/1"}],"replies":[{"embeddable":true,"href":"https:\/\/staging.aromasentia.com\/sv\/wp-json\/wp\/v2\/comments?post=673758"}],"version-history":[{"count":0,"href":"https:\/\/staging.aromasentia.com\/sv\/wp-json\/wp\/v2\/posts\/673758\/revisions"}],"wp:featuredmedia":[{"embeddable":true,"href":"https:\/\/staging.aromasentia.com\/sv\/wp-json\/wp\/v2\/media\/653982"}],"wp:attachment":[{"href":"https:\/\/staging.aromasentia.com\/sv\/wp-json\/wp\/v2\/media?parent=673758"}],"wp:term":[{"taxonomy":"category","embeddable":true,"href":"https:\/\/staging.aromasentia.com\/sv\/wp-json\/wp\/v2\/categories?post=673758"},{"taxonomy":"post_tag","embeddable":true,"href":"https:\/\/staging.aromasentia.com\/sv\/wp-json\/wp\/v2\/tags?post=673758"}],"curies":[{"name":"wp","href":"https:\/\/api.w.org\/{rel}","templated":true}]}}